{"id":3416,"date":"2020-05-25T08:30:42","date_gmt":"2020-05-25T08:30:42","guid":{"rendered":"http:\/\/corine-pelluchon.fr\/?p=3416"},"modified":"2020-06-20T07:50:59","modified_gmt":"2020-06-20T07:50:59","slug":"parution-le-25-mars-2020","status":"publish","type":"post","link":"http:\/\/corine-pelluchon.fr\/?p=3416","title":{"rendered":"Parution le 27 mai 2020"},"content":{"rendered":"<p><a href=\"http:\/\/corine-pelluchon.fr\/wp-content\/uploads\/2020\/03\/41tzER8ie4L.jpg\"><img loading=\"lazy\" decoding=\"async\" class=\"size-medium wp-image-3417 alignleft\" src=\"http:\/\/corine-pelluchon.fr\/wp-content\/uploads\/2020\/03\/41tzER8ie4L-194x300.jpg\" alt=\"\" width=\"194\" height=\"300\" srcset=\"http:\/\/corine-pelluchon.fr\/wp-content\/uploads\/2020\/03\/41tzER8ie4L-194x300.jpg 194w, http:\/\/corine-pelluchon.fr\/wp-content\/uploads\/2020\/03\/41tzER8ie4L.jpg 323w\" sizes=\"(max-width: 194px) 100vw, 194px\" \/><\/a><strong>Parution chez Rivages d&rsquo;un ouvrage regroupant des articles et in\u00e9dits qui font le point sur la transition \u00e9cologique et sur ce qu&rsquo;elle requiert sur le plan individuel et collectif, et qui soulignent aussi les liens et les tensions entre l&rsquo;\u00e9cologie et la cause animale.\u00a0 Les diff\u00e9rences existant entre l&rsquo;\u00e9thique de la vuln\u00e9rabilit\u00e9 d\u00e9velopp\u00e9e dans mes pr\u00e9c\u00e9dents livres et l&rsquo;\u00e9thique du <em>care<\/em> font \u00e9galement l&rsquo;objet d&rsquo;un d\u00e9veloppement cons\u00e9quent. La r\u00e9flexion philosophique sur les notions d&rsquo;autonomie, de vuln\u00e9rabilit\u00e9 et de responsabilit\u00e9 qui sont au coeur de l&rsquo;\u00e9thique de la vuln\u00e9rabilit\u00e9 et de la consid\u00e9ration est illustr\u00e9e par des exemples montrant les enjeux \u00e9thiques et politiques de la prise en charge des plus fragiles, notamment des personnes \u00e2g\u00e9es.<br \/>\n<\/strong><\/p>\n<p><strong>286 pages. 8,80 euros.<\/strong><\/p>\n<p style=\"text-align: left;\"><em>Notre capacit\u00e9 \u00e0 relever le d\u00e9fi climatique et \u00e0 promouvoir plus de justice envers les autres, y compris envers les animaux, suppose un remaniement profond de nos repr\u00e9sentations sur la place de l\u2019humain dans la nature. Prendre au s\u00e9rieux notre vuln\u00e9rabilit\u00e9 et notre d\u00e9pendance \u00e0 l\u2019\u00e9gard des \u00e9cosyst\u00e8mes permet de saisir que notre habitation de la Terre est toujours une cohabitation avec les autres. Ainsi, l\u2019\u00e9cologie, la cause animale et le respect d\u00fb aux personnes vuln\u00e9rables sont indissociables, et la conscience du lien qui nous unit aux autres vivants fait na\u00eetre en nous le d\u00e9sir de r\u00e9parer le monde.<\/em><\/p>\n<div><\/div>\n<div id=\"ffenetremailtomailModal\" style=\"z-index: 20002;\">\n<div id=\"ffenetremailtopopupModalMail\"><\/div>\n<\/div>\n<div><\/div>\n","protected":false},"excerpt":{"rendered":"<p>Parution chez Rivages d&rsquo;un ouvrage regroupant des articles et in\u00e9dits qui font le point sur la transition \u00e9cologique et sur ce qu&rsquo;elle requiert sur le plan individuel et collectif, et qui soulignent aussi les liens et les tensions entre l&rsquo;\u00e9cologie et la cause animale.\u00a0 Les diff\u00e9rences existant entre l&rsquo;\u00e9thique de la vuln\u00e9rabilit\u00e9 d\u00e9velopp\u00e9e dans mes pr\u00e9c\u00e9dents livres et l&rsquo;\u00e9thique du care font \u00e9galement l&rsquo;objet d&rsquo;un d\u00e9veloppement cons\u00e9quent. La r\u00e9flexion philosophique sur les notions d&rsquo;autonomie, de vuln\u00e9rabilit\u00e9 et de responsabilit\u00e9 qui sont au coeur de l&rsquo;\u00e9thique de la vuln\u00e9rabilit\u00e9 et de la consid\u00e9ration est illustr\u00e9e par des exemples montrant les enjeux &hellip;<\/p>\n","protected":false},"author":1,"featured_media":0,"comment_status":"closed","ping_status":"closed","sticky":true,"template":"","format":"standard","meta":{"footnotes":""},"categories":[1],"tags":[],"_links":{"self":[{"href":"http:\/\/corine-pelluchon.fr\/index.php?rest_route=\/wp\/v2\/posts\/3416"}],"collection":[{"href":"http:\/\/corine-pelluchon.fr\/index.php?rest_route=\/wp\/v2\/posts"}],"about":[{"href":"http:\/\/corine-pelluchon.fr\/index.php?rest_route=\/wp\/v2\/types\/post"}],"author":[{"embeddable":true,"href":"http:\/\/corine-pelluchon.fr\/index.php?rest_route=\/wp\/v2\/users\/1"}],"replies":[{"embeddable":true,"href":"http:\/\/corine-pelluchon.fr\/index.php?rest_route=%2Fwp%2Fv2%2Fcomments&post=3416"}],"version-history":[{"count":26,"href":"http:\/\/corine-pelluchon.fr\/index.php?rest_route=\/wp\/v2\/posts\/3416\/revisions"}],"predecessor-version":[{"id":3489,"href":"http:\/\/corine-pelluchon.fr\/index.php?rest_route=\/wp\/v2\/posts\/3416\/revisions\/3489"}],"wp:attachment":[{"href":"http:\/\/corine-pelluchon.fr\/index.php?rest_route=%2Fwp%2Fv2%2Fmedia&parent=3416"}],"wp:term":[{"taxonomy":"category","embeddable":true,"href":"http:\/\/corine-pelluchon.fr\/index.php?rest_route=%2Fwp%2Fv2%2Fcategories&post=3416"},{"taxonomy":"post_tag","embeddable":true,"href":"http:\/\/corine-pelluchon.fr\/index.php?rest_route=%2Fwp%2Fv2%2Ftags&post=3416"}],"curies":[{"name":"wp","href":"https:\/\/api.w.org\/{rel}","templated":true}]}}